{"id":88,"date":"2013-01-09T12:03:25","date_gmt":"2013-01-09T11:03:25","guid":{"rendered":"https:\/certificacio-energetica-dedificis-existents\/"},"modified":"2013-01-09T12:03:25","modified_gmt":"2013-01-09T11:03:25","slug":"certificacio-energetica-dedificis-existents","status":"publish","type":"post","link":"https:\/\/grupengind.com\/es\/certificacio-energetica-dedificis-existents\/","title":{"rendered":"CERTIFICACION ENERGETICA DE EDIFICIOS EXISTENTES"},"content":{"rendered":"<p>Nuestros t\u00e9cnicos han realizado un curso para conocer las actuales din\u00e1micas de ahorro y eficiencia energ\u00e9tica y, en concreto en la certificaci\u00f3n energ\u00e9tica de edificios existentes.<\/p>\n<p>Seg\u00fan la propuesta del RD de certificaci\u00f3n energ\u00e9tica de edificios existentes, como deriva de la transposici\u00f3n de la <strong>Directiva 2002\/91\/CE de eficiencia energ\u00e9tica en los edificios<\/strong>, cualquier edificio que se alquile o venga deber\u00e1 disponer de la certificaci\u00f3n energ\u00e9tica, con el objeto de poner a disposici\u00f3n de los compradores o usuarios de los edificios informaci\u00f3n objetiva sobre las caracter\u00edsticas energ\u00e9ticas del mismo.<\/p>\n<p>La ingenier\u00eda dispone de los <strong>programas homologados por el Ministerio de Industria, Energ\u00eda y Turismo<\/strong>. Estos programas junto con los conocimientos t\u00e9cnicos permiten la certificaci\u00f3n energ\u00e9tica de edificios existentes de uso residencial, peque\u00f1o y medio terciario, y establecen un grado de eficiencia energ\u00e9tica basado en las emisiones de CO2 derivadas de los consumos asociados a las necesidades de calefacci\u00f3n, refrigeraci\u00f3n , ACS, ventilaci\u00f3n y alumbrado.<\/p>","protected":false},"excerpt":{"rendered":"<p>Els nostres t\u00e8cnics han realitzat un curs per con\u00e8ixer les din\u00e0miques actuals d\u2019estalvi i efici\u00e8ncia energ\u00e8tica i, en concret en la certificaci\u00f3 energ\u00e8tica d\u2019edificis existents. Segons la proposta del RD de certificaci\u00f3 energ\u00e8tica d\u2019edificis existents, com a deriva de la transposici\u00f3 de la Directiva 2002\/91\/CE d\u2019efici\u00e8ncia energ\u00e8tica als edificis, qualsevol edifici que es llogui o [&hellip;]<\/p>\n","protected":false},"author":1,"featured_media":0,"comment_status":"open","ping_status":"open","sticky":false,"template":"","format":"standard","meta":{"_acf_changed":false,"_uag_custom_page_level_css":"","site-sidebar-layout":"default","site-content-layout":"","ast-site-content-layout":"default","site-content-style":"default","site-sidebar-style":"default","ast-global-header-display":"","ast-banner-title-visibility":"","ast-main-header-display":"","ast-hfb-above-header-display":"","ast-hfb-below-header-display":"","ast-hfb-mobile-header-display":"","site-post-title":"","ast-breadcrumbs-content":"","ast-featured-img":"","footer-sml-layout":"","ast-disable-related-posts":"","theme-transparent-header-meta":"","adv-header-id-meta":"","stick-header-meta":"","header-above-stick-meta":"","header-main-stick-meta":"","header-below-stick-meta":"","astra-migrate-meta-layouts":"default","ast-page-background-enabled":"default","ast-page-background-meta":{"desktop":{"background-color":"var(--ast-global-color-4)","background-image":"","background-repeat":"repeat","background-position":"center center","background-size":"auto","background-attachment":"scroll","background-type":"","background-media":"","overlay-type":"","overlay-color":"","overlay-opacity":"","overlay-gradient":""},"tablet":{"background-color":"","background-image":"","background-repeat":"repeat","background-position":"center center","background-size":"auto","background-attachment":"scroll","background-type":"","background-media":"","overlay-type":"","overlay-color":"","overlay-opacity":"","overlay-gradient":""},"mobile":{"background-color":"","background-image":"","background-repeat":"repeat","background-position":"center center","background-size":"auto","background-attachment":"scroll","background-type":"","background-media":"","overlay-type":"","overlay-color":"","overlay-opacity":"","overlay-gradient":""}},"ast-content-background-meta":{"desktop":{"background-color":"var(--ast-global-color-5)","background-image":"","background-repeat":"repeat","background-position":"center center","background-size":"auto","background-attachment":"scroll","background-type":"","background-media":"","overlay-type":"","overlay-color":"","overlay-opacity":"","overlay-gradient":""},"tablet":{"background-color":"var(--ast-global-color-5)","background-image":"","background-repeat":"repeat","background-position":"center center","background-size":"auto","background-attachment":"scroll","background-type":"","background-media":"","overlay-type":"","overlay-color":"","overlay-opacity":"","overlay-gradient":""},"mobile":{"background-color":"var(--ast-global-color-5)","background-image":"","background-repeat":"repeat","background-position":"center center","background-size":"auto","background-attachment":"scroll","background-type":"","background-media":"","overlay-type":"","overlay-color":"","overlay-opacity":"","overlay-gradient":""}},"footnotes":""},"categories":[22,23,27],"tags":[70,71,72,48,49,24,25,26],"class_list":["post-88","post","type-post","status-publish","format-standard","hentry","category-ingenieria-industrial","category-ingenieria-tecnica-barcelona","category-proyecto-ingenieria-penedes","tag-certificacio-energetica-dedificis-existents","tag-estalvi-i-eficencia-energetica","tag-ingenieria-barcelona","tag-ingenieria-industrial-2","tag-ingenieria-penedes","tag-licencia-ambiental-vilafranca-del-penedes","tag-licencia-apertura-vilafranca-del-penedes","tag-projectes-vilafranca-del-penedes"],"acf":[],"uagb_featured_image_src":{"full":false,"thumbnail":false,"medium":false,"medium_large":false,"large":false,"1536x1536":false,"2048x2048":false,"trp-custom-language-flag":false},"uagb_author_info":{"display_name":"francesc@articagency.com","author_link":"https:\/\/grupengind.com\/es\/author\/francescarticagency-com\/"},"uagb_comment_info":0,"uagb_excerpt":"Els nostres t\u00e8cnics han realitzat un curs per con\u00e8ixer les din\u00e0miques actuals d\u2019estalvi i efici\u00e8ncia energ\u00e8tica i, en concret en la certificaci\u00f3 energ\u00e8tica d\u2019edificis existents. Segons la proposta del RD de certificaci\u00f3 energ\u00e8tica d\u2019edificis existents, com a deriva de la transposici\u00f3 de la Directiva 2002\/91\/CE d\u2019efici\u00e8ncia energ\u00e8tica als edificis, qualsevol edifici que es llogui o&hellip;","_links":{"self":[{"href":"https:\/\/grupengind.com\/es\/wp-json\/wp\/v2\/posts\/88","targetHints":{"allow":["GET"]}}],"collection":[{"href":"https:\/\/grupengind.com\/es\/wp-json\/wp\/v2\/posts"}],"about":[{"href":"https:\/\/grupengind.com\/es\/wp-json\/wp\/v2\/types\/post"}],"author":[{"embeddable":true,"href":"https:\/\/grupengind.com\/es\/wp-json\/wp\/v2\/users\/1"}],"replies":[{"embeddable":true,"href":"https:\/\/grupengind.com\/es\/wp-json\/wp\/v2\/comments?post=88"}],"version-history":[{"count":0,"href":"https:\/\/grupengind.com\/es\/wp-json\/wp\/v2\/posts\/88\/revisions"}],"wp:attachment":[{"href":"https:\/\/grupengind.com\/es\/wp-json\/wp\/v2\/media?parent=88"}],"wp:term":[{"taxonomy":"category","embeddable":true,"href":"https:\/\/grupengind.com\/es\/wp-json\/wp\/v2\/categories?post=88"},{"taxonomy":"post_tag","embeddable":true,"href":"https:\/\/grupengind.com\/es\/wp-json\/wp\/v2\/tags?post=88"}],"curies":[{"name":"wp","href":"https:\/\/api.w.org\/{rel}","templated":true}]}}